{"id":1572,"date":"2014-05-08T22:29:43","date_gmt":"2014-05-08T21:29:43","guid":{"rendered":"http:\/\/fcfamalicao.org\/portal\/?p=1572"},"modified":"2014-05-09T18:43:00","modified_gmt":"2014-05-09T17:43:00","slug":"camadas-jovens-agenda-23","status":"publish","type":"post","link":"https:\/\/fcfamalicao.org\/portal\/2014\/05\/08\/camadas-jovens-agenda-23\/","title":{"rendered":"Camadas Jovens &#8211; Agenda"},"content":{"rendered":"<p><img loading=\"lazy\" decoding=\"async\" class=\"alignleft size-full wp-image-819\" alt=\"agenda_formacao\" src=\"http:\/\/fcfamalicao.org\/portal\/wp-content\/uploads\/2013\/11\/agenda_formacao.jpg\" width=\"600\" height=\"100\" srcset=\"https:\/\/fcfamalicao.org\/portal\/wp-content\/uploads\/2013\/11\/agenda_formacao.jpg 600w, https:\/\/fcfamalicao.org\/portal\/wp-content\/uploads\/2013\/11\/agenda_formacao-300x50.jpg 300w, https:\/\/fcfamalicao.org\/portal\/wp-content\/uploads\/2013\/11\/agenda_formacao-500x83.jpg 500w\" sizes=\"auto, (max-width: 600px) 100vw, 600px\" \/><\/p>\n<table border=\"0\">\n<tbody>\n<tr>\n<td style=\"background-color: #99ffff;\" colspan=\"3\">Dia 10 de maio<\/td>\n<\/tr>\n<tr>\n<td style=\"background-color: #ccffff;\">Escal\u00e3o<\/td>\n<td style=\"background-color: #ccffff;\">Partida<\/td>\n<td style=\"background-color: #ccffff;\">Data\/Hora<\/td>\n<\/tr>\n<tr>\n<td>Juniores<\/td>\n<td>FC Famalic\u00e3o X Amigos Urgeses<br \/>\nCampo N\u00ba2 Complexo Desportivo Famalic\u00e3o<\/td>\n<td>10\/05<br \/>\n15H00<\/td>\n<\/tr>\n<tr>\n<td>Juvenis B<\/td>\n<td>FC Famalic\u00e3o X Amigos Urgeses<br \/>\nCampo N\u00ba2 Complexo Desportivo Famalic\u00e3o<\/td>\n<td>10\/05<br \/>\n18H30<\/td>\n<\/tr>\n<tr>\n<td>Iniciados B<\/td>\n<td>Avidos e Lagoa X FC Famalic\u00e3o<br \/>\nCampo Jos\u00e9 Costa Rodrigues<\/td>\n<td>10\/05<br \/>\n16H00<\/td>\n<\/tr>\n<tr>\n<td>Infantis (Vitor)<\/td>\n<td>FC Famalic\u00e3o X Oper\u00e1rio<br \/>\nCampo N\u00ba2 Complexo Desportivo Famalic\u00e3o<\/td>\n<td>10\/05<br \/>\n09H30<\/td>\n<\/tr>\n<tr>\n<td>Infantis (M\u00e1rcio)<\/td>\n<td>FC Famalic\u00e3o X Amigos Urgeses<br \/>\nCampo N\u00ba2 Complexo Desportivo Famalic\u00e3o<\/td>\n<td>10\/05<br \/>\n10H45<\/td>\n<\/tr>\n<tr>\n<td>Benjamins (Jaime)<\/td>\n<td>Amigos Urgeses X FC Famalic\u00e3o<br \/>\nParque Desportivo Amigos de Urgeses<\/td>\n<td>10\/05<br \/>\n10H15<\/td>\n<\/tr>\n<tr>\n<td style=\"background-color: #99ffff;\" colspan=\"3\">Dia 11 de maio<\/td>\n<\/tr>\n<tr>\n<td style=\"background-color: #ccffff;\">Escal\u00e3o<\/td>\n<td style=\"background-color: #ccffff;\">Partida<\/td>\n<td style=\"background-color: #ccffff;\">Data\/Hora<\/td>\n<\/tr>\n<tr>\n<td>Iniciados A<\/td>\n<td>Santa Maria X FC Famalic\u00e3o<br \/>\nCampo Jos\u00e9 Cris\u00f3stomo Gon\u00e7alves<\/td>\n<td>11\/05<br \/>\n11H00<\/td>\n<\/tr>\n<tr>\n<td>Infantis A<\/td>\n<td>Marinhas X FC Famalic\u00e3o<br \/>\nParque Desportivo Marinhas<\/td>\n<td>11\/05<br \/>\n10H15<\/td>\n<\/tr>\n<tr>\n<td>Benjamins (Maia)<\/td>\n<td>Del\u00e3es X FC Famalic\u00e3o<br \/>\nParque Desportivo de Del\u00e3es<\/td>\n<td>11\/05<br \/>\n11H00<\/td>\n<\/tr>\n<tr>\n<td>Benjamins (Bruno)<\/td>\n<td>FC Famalic\u00e3o X Porto d&#8217;Ave<br \/>\nCampo N\u00ba2 Complexo Desportivo Famalic\u00e3o<\/td>\n<td>11\/05<br \/>\n09H30<\/td>\n<\/tr>\n<\/tbody>\n<\/table>\n<p><\/p>\n<a class=\"synved-social-button synved-social-button-share synved-social-size-24 synved-social-resolution-single synved-social-provider-facebook nolightbox\" data-provider=\"facebook\" target=\"_blank\" rel=\"nofollow\" title=\"Share on Facebook\" href=\"https:\/\/www.facebook.com\/sharer.php?u=https%3A%2F%2Ffcfamalicao.org%2Fportal%2Fwp-json%2Fwp%2Fv2%2Fposts%2F1572&#038;t=Camadas%20Jovens%20%E2%80%93%20Agenda&#038;s=100&#038;p&#091;url&#093;=https%3A%2F%2Ffcfamalicao.org%2Fportal%2Fwp-json%2Fwp%2Fv2%2Fposts%2F1572&#038;p&#091;images&#093;&#091;0&#093;=http%3A%2F%2Ffcfamalicao.org%2Fportal%2Fwp-content%2Fuploads%2F2013%2F11%2Fagenda_formacao.jpg&#038;p&#091;title&#093;=Camadas%20Jovens%20%E2%80%93%20Agenda\" style=\"font-size: 0px;width:24px;height:24px;margin:0;margin-bottom:5px;margin-right:5px\"><img loading=\"lazy\" decoding=\"async\" alt=\"Facebook\" title=\"Share on Facebook\" class=\"synved-share-image synved-social-image synved-social-image-share\" width=\"24\" height=\"24\" style=\"display: inline;width:24px;height:24px;margin: 0;padding: 0;border: none;box-shadow: none\" src=\"https:\/\/fcfamalicao.org\/portal\/wp-content\/plugins\/social-media-feather\/synved-social\/image\/social\/regular\/48x48\/facebook.png\" \/><\/a><a class=\"synved-social-button synved-social-button-share synved-social-size-24 synved-social-resolution-single synved-social-provider-twitter nolightbox\" data-provider=\"twitter\" target=\"_blank\" rel=\"nofollow\" title=\"Share on Twitter\" href=\"https:\/\/twitter.com\/intent\/tweet?url=https%3A%2F%2Ffcfamalicao.org%2Fportal%2Fwp-json%2Fwp%2Fv2%2Fposts%2F1572&#038;text=Novidades%20%E2%80%93%20FC%20Famalic%C3%A3o%20Clube%20de%20F%C3%A3s%20Online\" style=\"font-size: 0px;width:24px;height:24px;margin:0;margin-bottom:5px\"><img loading=\"lazy\" decoding=\"async\" alt=\"twitter\" title=\"Share on Twitter\" class=\"synved-share-image synved-social-image synved-social-image-share\" width=\"24\" height=\"24\" style=\"display: inline;width:24px;height:24px;margin: 0;padding: 0;border: none;box-shadow: none\" src=\"https:\/\/fcfamalicao.org\/portal\/wp-content\/plugins\/social-media-feather\/synved-social\/image\/social\/regular\/48x48\/twitter.png\" \/><\/a><a class=\"synved-social-credit\" target=\"_blank\" rel=\"nofollow\" title=\"WordPress Social Media Feather\" href=\"http:\/\/synved.com\/wordpress-social-media-feather\/\" style=\"color:#444;text-decoration:none;font-size:8px;margin-left:5px;vertical-align:10px;white-space:nowrap\"><span>by <\/span><img loading=\"lazy\" decoding=\"async\" style=\"display: inline;margin:0;padding:0;width:16px;height:16px\" width=\"16\" height=\"16\" alt=\"feather\" src=\"https:\/\/fcfamalicao.org\/portal\/wp-content\/plugins\/social-media-feather\/synved-social\/image\/icon.png\" \/><\/a>","protected":false},"excerpt":{"rendered":"<p>Dia 10 de maio Escal\u00e3o Partida Data\/Hora Juniores FC Famalic\u00e3o X Amigos Urgeses Campo N\u00ba2 Complexo Desportivo Famalic\u00e3o 10\/05 15H00 Juvenis B FC Famalic\u00e3o X Amigos Urgeses Campo N\u00ba2 Complexo Desportivo Famalic\u00e3o 10\/05 18H30 Iniciados B Avidos e Lagoa X &hellip; <a href=\"https:\/\/fcfamalicao.org\/portal\/2014\/05\/08\/camadas-jovens-agenda-23\/\">Continuar a ler <span class=\"meta-nav\">&rarr;<\/span><\/a><\/p>\n","protected":false},"author":1,"featured_media":0,"comment_status":"closed","ping_status":"closed","sticky":false,"template":"","format":"standard","meta":{"ngg_post_thumbnail":0,"footnotes":""},"categories":[1],"tags":[],"class_list":["post-1572","post","type-post","status-publish","format-standard","hentry","category-formacao"],"_links":{"self":[{"href":"https:\/\/fcfamalicao.org\/portal\/wp-json\/wp\/v2\/posts\/1572","targetHints":{"allow":["GET"]}}],"collection":[{"href":"https:\/\/fcfamalicao.org\/portal\/wp-json\/wp\/v2\/posts"}],"about":[{"href":"https:\/\/fcfamalicao.org\/portal\/wp-json\/wp\/v2\/types\/post"}],"author":[{"embeddable":true,"href":"https:\/\/fcfamalicao.org\/portal\/wp-json\/wp\/v2\/users\/1"}],"replies":[{"embeddable":true,"href":"https:\/\/fcfamalicao.org\/portal\/wp-json\/wp\/v2\/comments?post=1572"}],"version-history":[{"count":2,"href":"https:\/\/fcfamalicao.org\/portal\/wp-json\/wp\/v2\/posts\/1572\/revisions"}],"predecessor-version":[{"id":1574,"href":"https:\/\/fcfamalicao.org\/portal\/wp-json\/wp\/v2\/posts\/1572\/revisions\/1574"}],"wp:attachment":[{"href":"https:\/\/fcfamalicao.org\/portal\/wp-json\/wp\/v2\/media?parent=1572"}],"wp:term":[{"taxonomy":"category","embeddable":true,"href":"https:\/\/fcfamalicao.org\/portal\/wp-json\/wp\/v2\/categories?post=1572"},{"taxonomy":"post_tag","embeddable":true,"href":"https:\/\/fcfamalicao.org\/portal\/wp-json\/wp\/v2\/tags?post=1572"}],"curies":[{"name":"wp","href":"https:\/\/api.w.org\/{rel}","templated":true}]}}