{"id":1556,"date":"2014-05-04T19:31:57","date_gmt":"2014-05-04T18:31:57","guid":{"rendered":"http:\/\/fcfamalicao.org\/portal\/?p=1556"},"modified":"2014-05-05T17:11:47","modified_gmt":"2014-05-05T16:11:47","slug":"futebol-formacao-resultados-2","status":"publish","type":"post","link":"https:\/\/fcfamalicao.org\/portal\/2014\/05\/04\/futebol-formacao-resultados-2\/","title":{"rendered":"Futebol Forma\u00e7\u00e3o &#8211; Resultados"},"content":{"rendered":"<p><img loading=\"lazy\" decoding=\"async\" class=\"alignleft size-full wp-image-948\" alt=\"res_formacao\" src=\"http:\/\/fcfamalicao.org\/portal\/wp-content\/uploads\/2013\/12\/res_formacao.jpg\" width=\"600\" height=\"150\" srcset=\"https:\/\/fcfamalicao.org\/portal\/wp-content\/uploads\/2013\/12\/res_formacao.jpg 600w, https:\/\/fcfamalicao.org\/portal\/wp-content\/uploads\/2013\/12\/res_formacao-300x75.jpg 300w, https:\/\/fcfamalicao.org\/portal\/wp-content\/uploads\/2013\/12\/res_formacao-500x125.jpg 500w\" sizes=\"auto, (max-width: 600px) 100vw, 600px\" \/><\/p>\n<table border=\"0\">\n<tbody>\n<tr>\n<td colspan=\"4\">Dia 1 de maio<\/td>\n<\/tr>\n<tr>\n<td>Juvenis A<\/td>\n<td>FC Famalic\u00e3o<\/td>\n<td>2-1<\/td>\n<td>Barroselas<\/td>\n<\/tr>\n<tr>\n<td>Iniciados A<\/td>\n<td>FC Famalic\u00e3o<\/td>\n<td>1-1<\/td>\n<td>Gil Vicente<\/td>\n<\/tr>\n<tr>\n<td>Infantis A<\/td>\n<td>Esposende<\/td>\n<td>4-0<\/td>\n<td>FC Famalic\u00e3o<\/td>\n<\/tr>\n<tr>\n<td colspan=\"4\">Dia 3 de maio<\/td>\n<\/tr>\n<tr>\n<td>Juniores<\/td>\n<td>Vitorino de Pi\u00e3es<\/td>\n<td>1-0<\/td>\n<td>FC Famalic\u00e3o<\/td>\n<\/tr>\n<tr>\n<td>Juvenis B<\/td>\n<td>FC Famalic\u00e3o<\/td>\n<td>3-2<\/td>\n<td>Maria da Fonte<\/td>\n<\/tr>\n<tr>\n<td>Iniciados B<\/td>\n<td>FC Famalic\u00e3o<\/td>\n<td>2-0<\/td>\n<td>Gera\u00e7\u00e3o Benfica<\/td>\n<\/tr>\n<tr>\n<td>Infantis A<\/td>\n<td>FC Famalic\u00e3o<\/td>\n<td>0-1<\/td>\n<td>Esposende<\/td>\n<\/tr>\n<tr>\n<td>Infantis (Vitor)<\/td>\n<td>Lousado<\/td>\n<td>5-1<\/td>\n<td>FC Famalic\u00e3o<\/td>\n<\/tr>\n<tr>\n<td>Benjamins (Bruno)<\/td>\n<td>Palmeiras<\/td>\n<td>3-9<\/td>\n<td>FC Famalic\u00e3o<\/td>\n<\/tr>\n<tr>\n<td colspan=\"4\">Dia 4 de maio<\/td>\n<\/tr>\n<tr>\n<td>Infantis (M\u00e1rcio)<\/td>\n<td>Desp. S. Cosme<\/td>\n<td>5-4<\/td>\n<td>FC Famalic\u00e3o<\/td>\n<\/tr>\n<tr>\n<td>Benjamins (Maia)<\/td>\n<td>FC Famalic\u00e3o<\/td>\n<td>4-0<\/td>\n<td>Bairro<\/td>\n<\/tr>\n<tr>\n<td>Benjamins (Jaime)<\/td>\n<td>FC Famalic\u00e3o<\/td>\n<td>8-1<\/td>\n<td>Vizela<\/td>\n<\/tr>\n<\/tbody>\n<\/table>\n<p><\/p>\n<a class=\"synved-social-button synved-social-button-share synved-social-size-24 synved-social-resolution-single synved-social-provider-facebook nolightbox\" data-provider=\"facebook\" target=\"_blank\" rel=\"nofollow\" title=\"Share on Facebook\" href=\"https:\/\/www.facebook.com\/sharer.php?u=https%3A%2F%2Ffcfamalicao.org%2Fportal%2Fwp-json%2Fwp%2Fv2%2Fposts%2F1556&#038;t=Futebol%20Forma%C3%A7%C3%A3o%20%E2%80%93%20Resultados&#038;s=100&#038;p&#091;url&#093;=https%3A%2F%2Ffcfamalicao.org%2Fportal%2Fwp-json%2Fwp%2Fv2%2Fposts%2F1556&#038;p&#091;images&#093;&#091;0&#093;=http%3A%2F%2Ffcfamalicao.org%2Fportal%2Fwp-content%2Fuploads%2F2013%2F12%2Fres_formacao.jpg&#038;p&#091;title&#093;=Futebol%20Forma%C3%A7%C3%A3o%20%E2%80%93%20Resultados\" style=\"font-size: 0px;width:24px;height:24px;margin:0;margin-bottom:5px;margin-right:5px\"><img loading=\"lazy\" decoding=\"async\" alt=\"Facebook\" title=\"Share on Facebook\" class=\"synved-share-image synved-social-image synved-social-image-share\" width=\"24\" height=\"24\" style=\"display: inline;width:24px;height:24px;margin: 0;padding: 0;border: none;box-shadow: none\" src=\"https:\/\/fcfamalicao.org\/portal\/wp-content\/plugins\/social-media-feather\/synved-social\/image\/social\/regular\/48x48\/facebook.png\" \/><\/a><a class=\"synved-social-button synved-social-button-share synved-social-size-24 synved-social-resolution-single synved-social-provider-twitter nolightbox\" data-provider=\"twitter\" target=\"_blank\" rel=\"nofollow\" title=\"Share on Twitter\" href=\"https:\/\/twitter.com\/intent\/tweet?url=https%3A%2F%2Ffcfamalicao.org%2Fportal%2Fwp-json%2Fwp%2Fv2%2Fposts%2F1556&#038;text=Novidades%20%E2%80%93%20FC%20Famalic%C3%A3o%20Clube%20de%20F%C3%A3s%20Online\" style=\"font-size: 0px;width:24px;height:24px;margin:0;margin-bottom:5px\"><img loading=\"lazy\" decoding=\"async\" alt=\"twitter\" title=\"Share on Twitter\" class=\"synved-share-image synved-social-image synved-social-image-share\" width=\"24\" height=\"24\" style=\"display: inline;width:24px;height:24px;margin: 0;padding: 0;border: none;box-shadow: none\" src=\"https:\/\/fcfamalicao.org\/portal\/wp-content\/plugins\/social-media-feather\/synved-social\/image\/social\/regular\/48x48\/twitter.png\" \/><\/a><a class=\"synved-social-credit\" target=\"_blank\" rel=\"nofollow\" title=\"WordPress Social Media Feather\" href=\"http:\/\/synved.com\/wordpress-social-media-feather\/\" style=\"color:#444;text-decoration:none;font-size:8px;margin-left:5px;vertical-align:10px;white-space:nowrap\"><span>by <\/span><img loading=\"lazy\" decoding=\"async\" style=\"display: inline;margin:0;padding:0;width:16px;height:16px\" width=\"16\" height=\"16\" alt=\"feather\" src=\"https:\/\/fcfamalicao.org\/portal\/wp-content\/plugins\/social-media-feather\/synved-social\/image\/icon.png\" \/><\/a>","protected":false},"excerpt":{"rendered":"<p>Dia 1 de maio Juvenis A FC Famalic\u00e3o 2-1 Barroselas Iniciados A FC Famalic\u00e3o 1-1 Gil Vicente Infantis A Esposende 4-0 FC Famalic\u00e3o Dia 3 de maio Juniores Vitorino de Pi\u00e3es 1-0 FC Famalic\u00e3o Juvenis B FC Famalic\u00e3o 3-2 Maria &hellip; <a href=\"https:\/\/fcfamalicao.org\/portal\/2014\/05\/04\/futebol-formacao-resultados-2\/\">Continuar a ler <span class=\"meta-nav\">&rarr;<\/span><\/a><\/p>\n","protected":false},"author":1,"featured_media":0,"comment_status":"closed","ping_status":"closed","sticky":false,"template":"","format":"standard","meta":{"ngg_post_thumbnail":0,"footnotes":""},"categories":[1],"tags":[],"class_list":["post-1556","post","type-post","status-publish","format-standard","hentry","category-formacao"],"_links":{"self":[{"href":"https:\/\/fcfamalicao.org\/portal\/wp-json\/wp\/v2\/posts\/1556","targetHints":{"allow":["GET"]}}],"collection":[{"href":"https:\/\/fcfamalicao.org\/portal\/wp-json\/wp\/v2\/posts"}],"about":[{"href":"https:\/\/fcfamalicao.org\/portal\/wp-json\/wp\/v2\/types\/post"}],"author":[{"embeddable":true,"href":"https:\/\/fcfamalicao.org\/portal\/wp-json\/wp\/v2\/users\/1"}],"replies":[{"embeddable":true,"href":"https:\/\/fcfamalicao.org\/portal\/wp-json\/wp\/v2\/comments?post=1556"}],"version-history":[{"count":3,"href":"https:\/\/fcfamalicao.org\/portal\/wp-json\/wp\/v2\/posts\/1556\/revisions"}],"predecessor-version":[{"id":1559,"href":"https:\/\/fcfamalicao.org\/portal\/wp-json\/wp\/v2\/posts\/1556\/revisions\/1559"}],"wp:attachment":[{"href":"https:\/\/fcfamalicao.org\/portal\/wp-json\/wp\/v2\/media?parent=1556"}],"wp:term":[{"taxonomy":"category","embeddable":true,"href":"https:\/\/fcfamalicao.org\/portal\/wp-json\/wp\/v2\/categories?post=1556"},{"taxonomy":"post_tag","embeddable":true,"href":"https:\/\/fcfamalicao.org\/portal\/wp-json\/wp\/v2\/tags?post=1556"}],"curies":[{"name":"wp","href":"https:\/\/api.w.org\/{rel}","templated":true}]}}