{"id":1500,"date":"2014-04-11T22:30:16","date_gmt":"2014-04-11T21:30:16","guid":{"rendered":"http:\/\/fcfamalicao.org\/portal\/?p=1500"},"modified":"2014-04-11T22:31:33","modified_gmt":"2014-04-11T21:31:33","slug":"cns-manutencao-9a-jornada","status":"publish","type":"post","link":"https:\/\/fcfamalicao.org\/portal\/2014\/04\/11\/cns-manutencao-9a-jornada\/","title":{"rendered":"CNS (Manuten\u00e7\u00e3o) &#8211; 9\u00aa Jornada"},"content":{"rendered":"<p style=\"text-align: justify;\"><img loading=\"lazy\" decoding=\"async\" class=\"alignleft size-full wp-image-1501\" alt=\"14_026\" src=\"http:\/\/fcfamalicao.org\/portal\/wp-content\/uploads\/2014\/04\/14_026.jpg\" width=\"300\" height=\"188\" \/>No domingo, dia 13 de abril pelas 16:00 horas, o FC Famalic\u00e3o vai at\u00e9 Oliveira Santa Maria defrontar a AD Oliveirense em mais uma jornada do Campeonato Nacional de Seniores (manuten\u00e7\u00e3o) &#8211; S\u00e9rie B.<br \/>\nNesta altura o Famalic\u00e3o apresenta um futebol consistente \u00a0e \u00e9 a equipa que somou mais pontos at\u00e9 este momento do campeonato.<br \/>\nPara al\u00e9m disso, este encontro reveste-se de um sentimento especial em que os atletas famalicenses tudo ir\u00e3o fazer para vencer o encontro de forma a &#8220;vingar&#8221; a derrota sofrida na primeira volta.<br \/>\nVamos todos apoiar o FC Famalic\u00e3o.\u00a0<em>Orgulhosos Continuaremos.<\/em><\/p>\n<a class=\"synved-social-button synved-social-button-share synved-social-size-24 synved-social-resolution-single synved-social-provider-facebook nolightbox\" data-provider=\"facebook\" target=\"_blank\" rel=\"nofollow\" title=\"Share on Facebook\" href=\"https:\/\/www.facebook.com\/sharer.php?u=https%3A%2F%2Ffcfamalicao.org%2Fportal%2Fwp-json%2Fwp%2Fv2%2Fposts%2F1500&#038;t=CNS%20%28Manuten%C3%A7%C3%A3o%29%20%E2%80%93%209%C2%AA%20Jornada&#038;s=100&#038;p&#091;url&#093;=https%3A%2F%2Ffcfamalicao.org%2Fportal%2Fwp-json%2Fwp%2Fv2%2Fposts%2F1500&#038;p&#091;images&#093;&#091;0&#093;=http%3A%2F%2Ffcfamalicao.org%2Fportal%2Fwp-content%2Fuploads%2F2014%2F04%2F14_026.jpg&#038;p&#091;title&#093;=CNS%20%28Manuten%C3%A7%C3%A3o%29%20%E2%80%93%209%C2%AA%20Jornada\" style=\"font-size: 0px;width:24px;height:24px;margin:0;margin-bottom:5px;margin-right:5px\"><img loading=\"lazy\" decoding=\"async\" alt=\"Facebook\" title=\"Share on Facebook\" class=\"synved-share-image synved-social-image synved-social-image-share\" width=\"24\" height=\"24\" style=\"display: inline;width:24px;height:24px;margin: 0;padding: 0;border: none;box-shadow: none\" src=\"https:\/\/fcfamalicao.org\/portal\/wp-content\/plugins\/social-media-feather\/synved-social\/image\/social\/regular\/48x48\/facebook.png\" \/><\/a><a class=\"synved-social-button synved-social-button-share synved-social-size-24 synved-social-resolution-single synved-social-provider-twitter nolightbox\" data-provider=\"twitter\" target=\"_blank\" rel=\"nofollow\" title=\"Share on Twitter\" href=\"https:\/\/twitter.com\/intent\/tweet?url=https%3A%2F%2Ffcfamalicao.org%2Fportal%2Fwp-json%2Fwp%2Fv2%2Fposts%2F1500&#038;text=Novidades%20%E2%80%93%20FC%20Famalic%C3%A3o%20Clube%20de%20F%C3%A3s%20Online\" style=\"font-size: 0px;width:24px;height:24px;margin:0;margin-bottom:5px\"><img loading=\"lazy\" decoding=\"async\" alt=\"twitter\" title=\"Share on Twitter\" class=\"synved-share-image synved-social-image synved-social-image-share\" width=\"24\" height=\"24\" style=\"display: inline;width:24px;height:24px;margin: 0;padding: 0;border: none;box-shadow: none\" src=\"https:\/\/fcfamalicao.org\/portal\/wp-content\/plugins\/social-media-feather\/synved-social\/image\/social\/regular\/48x48\/twitter.png\" \/><\/a><a class=\"synved-social-credit\" target=\"_blank\" rel=\"nofollow\" title=\"WordPress Social Media Feather\" href=\"http:\/\/synved.com\/wordpress-social-media-feather\/\" style=\"color:#444;text-decoration:none;font-size:8px;margin-left:5px;vertical-align:10px;white-space:nowrap\"><span>by <\/span><img loading=\"lazy\" decoding=\"async\" style=\"display: inline;margin:0;padding:0;width:16px;height:16px\" width=\"16\" height=\"16\" alt=\"feather\" src=\"https:\/\/fcfamalicao.org\/portal\/wp-content\/plugins\/social-media-feather\/synved-social\/image\/icon.png\" \/><\/a>","protected":false},"excerpt":{"rendered":"<p>No domingo, dia 13 de abril pelas 16:00 horas, o FC Famalic\u00e3o vai at\u00e9 Oliveira Santa Maria defrontar a AD Oliveirense em mais uma jornada do Campeonato Nacional de Seniores (manuten\u00e7\u00e3o) &#8211; S\u00e9rie B. Nesta altura o Famalic\u00e3o apresenta um &hellip; <a href=\"https:\/\/fcfamalicao.org\/portal\/2014\/04\/11\/cns-manutencao-9a-jornada\/\">Continuar a ler <span class=\"meta-nav\">&rarr;<\/span><\/a><\/p>\n","protected":false},"author":1,"featured_media":0,"comment_status":"closed","ping_status":"closed","sticky":false,"template":"","format":"standard","meta":{"ngg_post_thumbnail":0,"footnotes":""},"categories":[2],"tags":[],"class_list":["post-1500","post","type-post","status-publish","format-standard","hentry","category-seniores"],"_links":{"self":[{"href":"https:\/\/fcfamalicao.org\/portal\/wp-json\/wp\/v2\/posts\/1500","targetHints":{"allow":["GET"]}}],"collection":[{"href":"https:\/\/fcfamalicao.org\/portal\/wp-json\/wp\/v2\/posts"}],"about":[{"href":"https:\/\/fcfamalicao.org\/portal\/wp-json\/wp\/v2\/types\/post"}],"author":[{"embeddable":true,"href":"https:\/\/fcfamalicao.org\/portal\/wp-json\/wp\/v2\/users\/1"}],"replies":[{"embeddable":true,"href":"https:\/\/fcfamalicao.org\/portal\/wp-json\/wp\/v2\/comments?post=1500"}],"version-history":[{"count":3,"href":"https:\/\/fcfamalicao.org\/portal\/wp-json\/wp\/v2\/posts\/1500\/revisions"}],"predecessor-version":[{"id":1503,"href":"https:\/\/fcfamalicao.org\/portal\/wp-json\/wp\/v2\/posts\/1500\/revisions\/1503"}],"wp:attachment":[{"href":"https:\/\/fcfamalicao.org\/portal\/wp-json\/wp\/v2\/media?parent=1500"}],"wp:term":[{"taxonomy":"category","embeddable":true,"href":"https:\/\/fcfamalicao.org\/portal\/wp-json\/wp\/v2\/categories?post=1500"},{"taxonomy":"post_tag","embeddable":true,"href":"https:\/\/fcfamalicao.org\/portal\/wp-json\/wp\/v2\/tags?post=1500"}],"curies":[{"name":"wp","href":"https:\/\/api.w.org\/{rel}","templated":true}]}}